{"id":104,"date":"2019-04-23T21:06:30","date_gmt":"2019-04-23T19:06:30","guid":{"rendered":"http:\/\/www.elverdissen.de\/fbv\/?p=104"},"modified":"2019-04-28T10:26:12","modified_gmt":"2019-04-28T08:26:12","slug":"fruehjahrsputz-2019","status":"publish","type":"post","link":"http:\/\/www.elverdissen.de\/fbv\/index.php\/2019\/04\/23\/fruehjahrsputz-2019\/","title":{"rendered":"Fr\u00fchjahrsputz 2019 &#8211; Jede Hilfe z\u00e4hlt!"},"content":{"rendered":"\n<p>Am <strong><em>27.04<\/em><\/strong> und <strong><em>04.05. 2019<\/em><\/strong> soll auch in diesem Jahr wieder geputzt und gewienert werden, damit sich alle Freibadg\u00e4ste ab dem 11.05.2019 wieder in die neue Saison und ins Wasser st\u00fcrzen k\u00f6nnen.<br \/>Unkraut j\u00e4ten, Laub harken, die Pflege der Beete, kleinere Malerarbeiten, Fugen kratzen, das Beach-Volleyball-Feld aufarbeiten und \u00e4hnliches stehen auch in diesmal wieder auf der Agenda.<br \/>Der Freibadverein Elverdissen l\u00e4dt deshalb herzlich zur Mithilfe ein. Alle sind sehr willkommen und werden gebraucht. F\u00fcr das leibliche Wohl wird wie immer gesorgt, so dass auch alle bei Kr\u00e4ften bleiben k\u00f6nnen.<\/p>\n\n\n\n<p><\/p>\n","protected":false},"excerpt":{"rendered":"<p>Am 27.04 und 04.05. 2019 soll auch in diesem Jahr wieder geputzt und gewienert werden, damit sich alle Freibadg\u00e4ste ab dem 11.05.2019 wieder in die neue Saison und ins Wasser st\u00fcrzen k\u00f6nnen.Unkraut j\u00e4ten, Laub harken, die Pflege der Beete, kleinere Malerarbeiten, Fugen kratzen, das Beach-Volleyball-Feld aufarbeiten und \u00e4hnliches stehen auch&#8230;<\/p>\n<p> <a class=\"continue-reading-link\" href=\"http:\/\/www.elverdissen.de\/fbv\/index.php\/2019\/04\/23\/fruehjahrsputz-2019\/\"><span>Continue reading<\/span><i class=\"crycon-right-dir\"><\/i><\/a> <\/p>\n","protected":false},"author":1,"featured_media":0,"comment_status":"closed","ping_status":"open","sticky":false,"template":"","format":"standard","meta":{"footnotes":""},"categories":[3],"tags":[],"class_list":["post-104","post","type-post","status-publish","format-standard","hentry","category-veranstaltungen"],"_links":{"self":[{"href":"http:\/\/www.elverdissen.de\/fbv\/index.php\/wp-json\/wp\/v2\/posts\/104","targetHints":{"allow":["GET"]}}],"collection":[{"href":"http:\/\/www.elverdissen.de\/fbv\/index.php\/wp-json\/wp\/v2\/posts"}],"about":[{"href":"http:\/\/www.elverdissen.de\/fbv\/index.php\/wp-json\/wp\/v2\/types\/post"}],"author":[{"embeddable":true,"href":"http:\/\/www.elverdissen.de\/fbv\/index.php\/wp-json\/wp\/v2\/users\/1"}],"replies":[{"embeddable":true,"href":"http:\/\/www.elverdissen.de\/fbv\/index.php\/wp-json\/wp\/v2\/comments?post=104"}],"version-history":[{"count":4,"href":"http:\/\/www.elverdissen.de\/fbv\/index.php\/wp-json\/wp\/v2\/posts\/104\/revisions"}],"predecessor-version":[{"id":129,"href":"http:\/\/www.elverdissen.de\/fbv\/index.php\/wp-json\/wp\/v2\/posts\/104\/revisions\/129"}],"wp:attachment":[{"href":"http:\/\/www.elverdissen.de\/fbv\/index.php\/wp-json\/wp\/v2\/media?parent=104"}],"wp:term":[{"taxonomy":"category","embeddable":true,"href":"http:\/\/www.elverdissen.de\/fbv\/index.php\/wp-json\/wp\/v2\/categories?post=104"},{"taxonomy":"post_tag","embeddable":true,"href":"http:\/\/www.elverdissen.de\/fbv\/index.php\/wp-json\/wp\/v2\/tags?post=104"}],"curies":[{"name":"wp","href":"https:\/\/api.w.org\/{rel}","templated":true}]}}