{"id":108,"date":"2019-04-27T17:59:44","date_gmt":"2019-04-27T15:59:44","guid":{"rendered":"http:\/\/www.elverdissen.de\/fbv\/?p=108"},"modified":"2019-04-27T18:25:57","modified_gmt":"2019-04-27T16:25:57","slug":"1-fruehjahrsputz-im-freibad-elverdissen","status":"publish","type":"post","link":"http:\/\/www.elverdissen.de\/fbv\/index.php\/2019\/04\/27\/1-fruehjahrsputz-im-freibad-elverdissen\/","title":{"rendered":"1. Fr\u00fchjahrsputz im Freibad Elverdissen"},"content":{"rendered":"\n<p>Zum ersten Putztermin fanden sich im Freibad \u00fcber 30 Helfer ein. Bei strahlendem Sonnenschein und angenehmen Temperaturen ging es  den \u00dcberbleibseln des Winters an den Kragen.<br>Bis Mittag wurde gefegt, Unkraut aus den Fugen gekratzt, das Volleyballfeld gereinigt und vieles mehr. Klar, dass die Arbeit auch hungrig macht und so stellte der Freibadverein f\u00fcr die vielen Helfer ein reichhaltiges Fr\u00fchst\u00fcck bereit, welches gut angenommen und mit viel guter Laune in geselliger Runde genossen wurde.<br>Wir hoffen, dass auch der 2. Termin am 4.5. wieder so gut besucht ist.<\/p>\n\n\n\n<ul class=\"wp-block-gallery columns-3 is-cropped wp-block-gallery-1 is-layout-flex wp-block-gallery-is-layout-flex\"><li class=\"blocks-gallery-item\"><figure><img loading=\"lazy\" decoding=\"async\" width=\"1331\" height=\"998\" src=\"http:\/\/www.elverdissen.de\/fbv\/wp-content\/uploads\/2019\/04\/01Volleyballfeld_Putz1_2019.jpg\" alt=\"\" data-id=\"109\" data-link=\"http:\/\/www.elverdissen.de\/fbv\/?attachment_id=109\" class=\"wp-image-109\"\/><\/figure><\/li><li class=\"blocks-gallery-item\"><figure><img loading=\"lazy\" decoding=\"async\" width=\"1331\" height=\"998\" src=\"http:\/\/www.elverdissen.de\/fbv\/wp-content\/uploads\/2019\/04\/02Fruehstueck_Putz1_2019.jpg\" alt=\"\" data-id=\"110\" data-link=\"http:\/\/www.elverdissen.de\/fbv\/?attachment_id=110\" class=\"wp-image-110\"\/><\/figure><\/li><li class=\"blocks-gallery-item\"><figure><img loading=\"lazy\" decoding=\"async\" width=\"998\" height=\"1331\" src=\"http:\/\/www.elverdissen.de\/fbv\/wp-content\/uploads\/2019\/04\/03Wiese_Putz1_2019.jpg\" alt=\"\" data-id=\"111\" data-link=\"http:\/\/www.elverdissen.de\/fbv\/?attachment_id=111\" class=\"wp-image-111\"\/><\/figure><\/li><li class=\"blocks-gallery-item\"><figure><img loading=\"lazy\" decoding=\"async\" width=\"998\" height=\"1331\" src=\"http:\/\/www.elverdissen.de\/fbv\/wp-content\/uploads\/2019\/04\/04Becken1_Putz1_2019.jpg\" alt=\"\" data-id=\"112\" data-link=\"http:\/\/www.elverdissen.de\/fbv\/?attachment_id=112\" class=\"wp-image-112\"\/><\/figure><\/li><li class=\"blocks-gallery-item\"><figure><img loading=\"lazy\" decoding=\"async\" width=\"998\" height=\"1331\" src=\"http:\/\/www.elverdissen.de\/fbv\/wp-content\/uploads\/2019\/04\/05Becken2_Putz1_2019.jpg\" alt=\"\" data-id=\"113\" data-link=\"http:\/\/www.elverdissen.de\/fbv\/?attachment_id=113\" class=\"wp-image-113\"\/><\/figure><\/li><li class=\"blocks-gallery-item\"><figure><img loading=\"lazy\" decoding=\"async\" width=\"998\" height=\"1331\" src=\"http:\/\/www.elverdissen.de\/fbv\/wp-content\/uploads\/2019\/04\/06Becken3_putz1_2019.jpg\" alt=\"\" data-id=\"114\" data-link=\"http:\/\/www.elverdissen.de\/fbv\/?attachment_id=114\" class=\"wp-image-114\"\/><\/figure><\/li><li class=\"blocks-gallery-item\"><figure><img loading=\"lazy\" decoding=\"async\" width=\"998\" height=\"1331\" src=\"http:\/\/www.elverdissen.de\/fbv\/wp-content\/uploads\/2019\/04\/07Becken4_Putz1_2019.jpg\" alt=\"\" data-id=\"115\" data-link=\"http:\/\/www.elverdissen.de\/fbv\/?attachment_id=115\" class=\"wp-image-115\"\/><\/figure><\/li><li class=\"blocks-gallery-item\"><figure><img loading=\"lazy\" decoding=\"async\" width=\"1331\" height=\"998\" src=\"http:\/\/www.elverdissen.de\/fbv\/wp-content\/uploads\/2019\/04\/08Becken5_Putz1_2019.jpg\" alt=\"\" data-id=\"116\" data-link=\"http:\/\/www.elverdissen.de\/fbv\/?attachment_id=116\" class=\"wp-image-116\"\/><\/figure><\/li><li class=\"blocks-gallery-item\"><figure><img loading=\"lazy\" decoding=\"async\" width=\"998\" height=\"1331\" src=\"http:\/\/www.elverdissen.de\/fbv\/wp-content\/uploads\/2019\/04\/09Sandsack_Putz1_2019.jpg\" alt=\"\" data-id=\"117\" data-link=\"http:\/\/www.elverdissen.de\/fbv\/?attachment_id=117\" class=\"wp-image-117\"\/><\/figure><\/li><li class=\"blocks-gallery-item\"><figure><img loading=\"lazy\" decoding=\"async\" width=\"1331\" height=\"998\" src=\"http:\/\/www.elverdissen.de\/fbv\/wp-content\/uploads\/2019\/04\/10Volleyballfeld2_Putz1_2019.jpg\" alt=\"\" data-id=\"118\" data-link=\"http:\/\/www.elverdissen.de\/fbv\/?attachment_id=118\" class=\"wp-image-118\"\/><\/figure><\/li><li class=\"blocks-gallery-item\"><figure><img loading=\"lazy\" decoding=\"async\" width=\"998\" height=\"1331\" src=\"http:\/\/www.elverdissen.de\/fbv\/wp-content\/uploads\/2019\/04\/11Jaeten1_Putz1_2019.jpg\" alt=\"\" data-id=\"119\" data-link=\"http:\/\/www.elverdissen.de\/fbv\/?attachment_id=119\" class=\"wp-image-119\"\/><\/figure><\/li><li class=\"blocks-gallery-item\"><figure><img loading=\"lazy\" decoding=\"async\" width=\"998\" height=\"1331\" src=\"http:\/\/www.elverdissen.de\/fbv\/wp-content\/uploads\/2019\/04\/12Jaeten2_Putz1_2019.jpg\" alt=\"\" data-id=\"120\" data-link=\"http:\/\/www.elverdissen.de\/fbv\/?attachment_id=120\" class=\"wp-image-120\"\/><\/figure><\/li><li class=\"blocks-gallery-item\"><figure><img loading=\"lazy\" decoding=\"async\" width=\"998\" height=\"1331\" src=\"http:\/\/www.elverdissen.de\/fbv\/wp-content\/uploads\/2019\/04\/13Jaeten3_Putz1_2019.jpg\" alt=\"\" data-id=\"121\" data-link=\"http:\/\/www.elverdissen.de\/fbv\/?attachment_id=121\" class=\"wp-image-121\"\/><\/figure><\/li><li class=\"blocks-gallery-item\"><figure><img loading=\"lazy\" decoding=\"async\" width=\"998\" height=\"1331\" src=\"http:\/\/www.elverdissen.de\/fbv\/wp-content\/uploads\/2019\/04\/14Jaeeten4_Putz1_2019.jpg\" alt=\"\" data-id=\"122\" data-link=\"http:\/\/www.elverdissen.de\/fbv\/?attachment_id=122\" class=\"wp-image-122\"\/><\/figure><\/li><\/ul>\n\n\n\n<p><\/p>\n","protected":false},"excerpt":{"rendered":"<p>Zum ersten Putztermin fanden sich im Freibad \u00fcber 30 Helfer ein. Bei strahlendem Sonnenschein und angenehmen Temperaturen ging es den \u00dcberbleibseln des Winters an den Kragen.Bis Mittag wurde gefegt, Unkraut aus den Fugen gekratzt, das Volleyballfeld gereinigt und vieles mehr. Klar, dass die Arbeit auch hungrig macht und so stellte&#8230;<\/p>\n<p> <a class=\"continue-reading-link\" href=\"http:\/\/www.elverdissen.de\/fbv\/index.php\/2019\/04\/27\/1-fruehjahrsputz-im-freibad-elverdissen\/\"><span>Continue reading<\/span><i class=\"crycon-right-dir\"><\/i><\/a> <\/p>\n","protected":false},"author":1,"featured_media":0,"comment_status":"closed","ping_status":"open","sticky":false,"template":"","format":"standard","meta":{"footnotes":""},"categories":[3],"tags":[15],"class_list":["post-108","post","type-post","status-publish","format-standard","hentry","category-veranstaltungen","tag-fruehjahrsputz"],"_links":{"self":[{"href":"http:\/\/www.elverdissen.de\/fbv\/index.php\/wp-json\/wp\/v2\/posts\/108","targetHints":{"allow":["GET"]}}],"collection":[{"href":"http:\/\/www.elverdissen.de\/fbv\/index.php\/wp-json\/wp\/v2\/posts"}],"about":[{"href":"http:\/\/www.elverdissen.de\/fbv\/index.php\/wp-json\/wp\/v2\/types\/post"}],"author":[{"embeddable":true,"href":"http:\/\/www.elverdissen.de\/fbv\/index.php\/wp-json\/wp\/v2\/users\/1"}],"replies":[{"embeddable":true,"href":"http:\/\/www.elverdissen.de\/fbv\/index.php\/wp-json\/wp\/v2\/comments?post=108"}],"version-history":[{"count":3,"href":"http:\/\/www.elverdissen.de\/fbv\/index.php\/wp-json\/wp\/v2\/posts\/108\/revisions"}],"predecessor-version":[{"id":127,"href":"http:\/\/www.elverdissen.de\/fbv\/index.php\/wp-json\/wp\/v2\/posts\/108\/revisions\/127"}],"wp:attachment":[{"href":"http:\/\/www.elverdissen.de\/fbv\/index.php\/wp-json\/wp\/v2\/media?parent=108"}],"wp:term":[{"taxonomy":"category","embeddable":true,"href":"http:\/\/www.elverdissen.de\/fbv\/index.php\/wp-json\/wp\/v2\/categories?post=108"},{"taxonomy":"post_tag","embeddable":true,"href":"http:\/\/www.elverdissen.de\/fbv\/index.php\/wp-json\/wp\/v2\/tags?post=108"}],"curies":[{"name":"wp","href":"https:\/\/api.w.org\/{rel}","templated":true}]}}