{"id":284,"date":"2022-05-22T11:07:26","date_gmt":"2022-05-22T09:07:26","guid":{"rendered":"http:\/\/www.elverdissen.de\/fbv\/?p=284"},"modified":"2022-06-07T08:25:29","modified_gmt":"2022-06-07T06:25:29","slug":"jahreshauptversammlung-2022-anlaesslich-des-25-jaehrigen-bestehens-des-freibadvereines-elverdissen","status":"publish","type":"post","link":"http:\/\/www.elverdissen.de\/fbv\/index.php\/2022\/05\/22\/jahreshauptversammlung-2022-anlaesslich-des-25-jaehrigen-bestehens-des-freibadvereines-elverdissen\/","title":{"rendered":"Jahreshauptversammlung 2022 &#8211; wir sind wieder da!"},"content":{"rendered":"\n<figure class=\"wp-block-image size-large\"><img loading=\"lazy\" decoding=\"async\" width=\"1024\" height=\"684\" src=\"http:\/\/www.elverdissen.de\/fbv\/wp-content\/uploads\/2022\/05\/Presse2JHV_20220519_210039_klein1000vertikal-1024x684.jpg\" alt=\"\" class=\"wp-image-321\" srcset=\"http:\/\/www.elverdissen.de\/fbv\/wp-content\/uploads\/2022\/05\/Presse2JHV_20220519_210039_klein1000vertikal-1024x684.jpg 1024w, http:\/\/www.elverdissen.de\/fbv\/wp-content\/uploads\/2022\/05\/Presse2JHV_20220519_210039_klein1000vertikal-300x200.jpg 300w, http:\/\/www.elverdissen.de\/fbv\/wp-content\/uploads\/2022\/05\/Presse2JHV_20220519_210039_klein1000vertikal-768x513.jpg 768w, http:\/\/www.elverdissen.de\/fbv\/wp-content\/uploads\/2022\/05\/Presse2JHV_20220519_210039_klein1000vertikal-150x100.jpg 150w, http:\/\/www.elverdissen.de\/fbv\/wp-content\/uploads\/2022\/05\/Presse2JHV_20220519_210039_klein1000vertikal.jpg 1497w\" sizes=\"auto, (max-width: 1024px) 100vw, 1024px\" \/><\/figure>\n\n\n\n<p>Foto: Der neue gew\u00e4hlte Vorstand mit (von links) Ralf Stockbr\u00fcgger (Schriftf\u00fchrer), Martina Rumpold (2. Vorsitzende), Stephanie Meixner (Kassierern), Marion Tondera (Beisitzerin), Bettina Bredenk\u00f6tter (1. Vorsitzende), Stephan Sch\u00e4fer (Beisitzer), Anne Raven-Scholte (Beisitzerin), Werner Zurheide (3. Vorsitzender), Gerd  Vogt (Beisitzer). Es fehlt Reinhard Sch\u00f6l (Beisitzer).<\/p>\n\n\n\n<p>Bei der diesj\u00e4hrigen Jahreshauptversammlung, wurde u.a. auch das 25-j\u00e4hrige Bestehen des Vereines durch R\u00fcckblicke in die Vereinsgeschichte gew\u00fcrdigt. F\u00fcr die Zukunft hat sich der Verein einiges vorgenommen.<\/p>\n\n\n\n<p>Die Mitglieder des Freibadvereins durften in diesem Jahr Platz nehmen, in der mit viel Liebe zum Detail renovierten Freibad-Cafeteria der neuen Betreiber. Dies war gleichzeitig Gelegenheit, um sich untereinander vertraut zu machen. <\/p>\n\n\n\n<p>Bettina Bredenk\u00f6tter zeigte im Rahmen einer Pr\u00e4sentation R\u00fcckblicke auf die Jahre 2019-2021, ehrte ausscheidende Vorstandsmitglieder und skizzierte die kommenden Herausforderungen f\u00fcr den Badebetrieb. <\/p>\n\n\n\n<p>Insbesondere gestiegene Energiekosten und die Sorge des Vereines um ausreichend Personal mit einer hohen Arbeitszufriedenheit.<\/p>\n\n\n\n<p>So hat der Freibadverein bereits im letzten Oktober (2021) bei den Stadtwerken angeregt, anstatt der sehr<br>teuren neuen Umkleidekabinen, zur Reduzierung der Energiekosten eine Solarthermieanlage auf dem Dach \u00fcber den Kabinen zu installieren. Die Stadtwerke pr\u00fcfen den Vorschlag noch.<\/p>\n\n\n\n<p>2022 wird es &#8211; so die Hoffnung- auch wieder ein Sommerfest geben, Aqua-Fitness f\u00fcr<br>alle ist geplant, auf jeden Fall werden auch wieder die Geb\u00fchren f\u00fcr Schwimmkurse<br>f\u00fcr Mitglieder und Neumitglieder \u00fcbernommen, es wird neue Sonnenschirme geben,<br>wenn m\u00f6glich auch wieder ein Picknick unter Sternen. Die (alten) Fu\u00dfballtore wurden<br>wieder aufgestellt und ggf. soll ein Schwimmbadlifter f\u00fcr Menschen mit<br>Beeintr\u00e4chtigungen angeschafft werden, wenn daf\u00fcr auch noch Sponsoren gefunden<br>werden.<\/p>\n","protected":false},"excerpt":{"rendered":"<p>Foto: Der neue gew\u00e4hlte Vorstand mit (von links) Ralf Stockbr\u00fcgger (Schriftf\u00fchrer), Martina Rumpold (2. Vorsitzende), Stephanie Meixner (Kassierern), Marion Tondera (Beisitzerin), Bettina Bredenk\u00f6tter (1. Vorsitzende), Stephan Sch\u00e4fer (Beisitzer), Anne Raven-Scholte (Beisitzerin), Werner Zurheide (3. Vorsitzender), Gerd Vogt (Beisitzer). Es fehlt Reinhard Sch\u00f6l (Beisitzer). Bei der diesj\u00e4hrigen Jahreshauptversammlung, wurde u.a. auch&#8230;<\/p>\n<p> <a class=\"continue-reading-link\" href=\"http:\/\/www.elverdissen.de\/fbv\/index.php\/2022\/05\/22\/jahreshauptversammlung-2022-anlaesslich-des-25-jaehrigen-bestehens-des-freibadvereines-elverdissen\/\"><span>Continue reading<\/span><i class=\"crycon-right-dir\"><\/i><\/a> <\/p>\n","protected":false},"author":4,"featured_media":0,"comment_status":"closed","ping_status":"open","sticky":false,"template":"","format":"standard","meta":{"footnotes":""},"categories":[1],"tags":[],"class_list":["post-284","post","type-post","status-publish","format-standard","hentry","category-allgemein"],"_links":{"self":[{"href":"http:\/\/www.elverdissen.de\/fbv\/index.php\/wp-json\/wp\/v2\/posts\/284","targetHints":{"allow":["GET"]}}],"collection":[{"href":"http:\/\/www.elverdissen.de\/fbv\/index.php\/wp-json\/wp\/v2\/posts"}],"about":[{"href":"http:\/\/www.elverdissen.de\/fbv\/index.php\/wp-json\/wp\/v2\/types\/post"}],"author":[{"embeddable":true,"href":"http:\/\/www.elverdissen.de\/fbv\/index.php\/wp-json\/wp\/v2\/users\/4"}],"replies":[{"embeddable":true,"href":"http:\/\/www.elverdissen.de\/fbv\/index.php\/wp-json\/wp\/v2\/comments?post=284"}],"version-history":[{"count":14,"href":"http:\/\/www.elverdissen.de\/fbv\/index.php\/wp-json\/wp\/v2\/posts\/284\/revisions"}],"predecessor-version":[{"id":345,"href":"http:\/\/www.elverdissen.de\/fbv\/index.php\/wp-json\/wp\/v2\/posts\/284\/revisions\/345"}],"wp:attachment":[{"href":"http:\/\/www.elverdissen.de\/fbv\/index.php\/wp-json\/wp\/v2\/media?parent=284"}],"wp:term":[{"taxonomy":"category","embeddable":true,"href":"http:\/\/www.elverdissen.de\/fbv\/index.php\/wp-json\/wp\/v2\/categories?post=284"},{"taxonomy":"post_tag","embeddable":true,"href":"http:\/\/www.elverdissen.de\/fbv\/index.php\/wp-json\/wp\/v2\/tags?post=284"}],"curies":[{"name":"wp","href":"https:\/\/api.w.org\/{rel}","templated":true}]}}