{"id":98,"date":"2019-04-19T13:09:45","date_gmt":"2019-04-19T11:09:45","guid":{"rendered":"http:\/\/www.elverdissen.de\/fbv\/?p=98"},"modified":"2019-04-21T12:39:55","modified_gmt":"2019-04-21T10:39:55","slug":"jahreshauptversammlung-2019","status":"publish","type":"post","link":"http:\/\/www.elverdissen.de\/fbv\/index.php\/2019\/04\/19\/jahreshauptversammlung-2019\/","title":{"rendered":"Jahreshauptversammlung 2019"},"content":{"rendered":"\n<p>\nMit einer guten Nachricht konnte Bettina Bredenk\u00f6tter, Vorsitzende des \nFreibadvereins Elverdissen die anwesenden Mitglieder der \nJahreshauptversammlung begr\u00fc\u00dfen: In der kommenden Saison wird es im \nFreibad Elverdissen wieder die gewohnten \u00d6ffnungszeiten geben. Dies habe\n die Gesch\u00e4ftsf\u00fchrung der Stadtwerke Herford zugesichert, da sich seit \nAnfang des Jahres die Personalsituation deutlich gebessert h\u00e4tte. Im \nletzten Jahr war es ja nach Protesten des Freibadvereins nur noch zu \ngeringeren Einschr\u00e4nkungen gekommen, als zun\u00e4chst geplant.\n\n<\/p>\n\n\n\n<!--more-->\n\n\n\n<p> Diese Zeiten wurden bei dem super Sommer auch rege genutzt, die Besucherzahlen im Freibad Elverdissen erreichten im letzten Jahr Rekordbereiche: 59.274, was einem Anstieg von 64 % gegen\u00fcber dem Vorjahr entspricht. Auch die Mitgliederzahlen im Freibadverein erlangten 2018 ein Rekordhoch: 720, eine Zahl, die seit Bestehen des Vereins (1996) noch nie gez\u00e4hlt wurde.<br> Ein Bericht \u00fcber die verschiedenen Aktionen des Freibadvereins Elverdissen im Jahr 2018, der Kassenbericht, die Entlastung des Vorstandes sowie die Wahl eines neuen Kassenpr\u00fcfers, Ulrich Br\u00fcnger, folgten. Interessiert lauschten die G\u00e4ste dann auch den Ausf\u00fchrungen von Bettina Bredenk\u00f6tter zu den geplanten Aktivit\u00e4ten in diesem Jahr. So wird es wieder ein Freibadfest, vielleicht wieder auch in Kooperation mit dem TVE geben, ein Termin steht noch nicht fest. Ein Picknick unter Sternen, wird bei gutem Wetter ebenfalls wieder im Freibad m\u00f6glich sein. Starten soll es aber noch vor der Saison mit dem traditionellen Fr\u00fchjahrsputz jeweils samstags, am 27.04. und 04.05.2019 immer ab 9.00 Uhr. Hier ist jede Unterst\u00fctzung willkommen. F\u00fcr das leibliche Wohl sorgt der Freibadverein Elverdissen und freut sich \u00fcber viele Helfer und Helferinnen.<\/p>\n\n\n\n<figure class=\"wp-block-image\"><img loading=\"lazy\" decoding=\"async\" width=\"2592\" height=\"1728\" src=\"http:\/\/www.elverdissen.de\/fbv\/wp-content\/uploads\/2019\/04\/Foto1-Pressemitteilung.jpg\" alt=\"\" class=\"wp-image-99\"\/><figcaption> Foto: Der Vorstand mit (von links) Werner Zurheide (Beisitzer), Gerd  Vogt (Kassenwart) Karin Tondera (Beisitzerin) Reinhard Sch\u00f6l  (Beisitzer), Martina Rumpold (stellvertr. Vorsitzende), Bettina  Bredenk\u00f6tter (Vorsitzende), Ralf Stockbr\u00fcgger (Schriftf\u00fchrer), Stephanie  Meixner (Beisitzerin) <\/figcaption><\/figure>\n\n\n\n<p><br><\/p>\n","protected":false},"excerpt":{"rendered":"<p>Mit einer guten Nachricht konnte Bettina Bredenk\u00f6tter, Vorsitzende des Freibadvereins Elverdissen die anwesenden Mitglieder der Jahreshauptversammlung begr\u00fc\u00dfen: In der kommenden Saison wird es im Freibad Elverdissen wieder die gewohnten \u00d6ffnungszeiten geben. Dies habe die Gesch\u00e4ftsf\u00fchrung der Stadtwerke Herford zugesichert, da sich seit Anfang des Jahres die Personalsituation deutlich gebessert h\u00e4tte&#8230;.<\/p>\n<p> <a class=\"continue-reading-link\" href=\"http:\/\/www.elverdissen.de\/fbv\/index.php\/2019\/04\/19\/jahreshauptversammlung-2019\/\"><span>Continue reading<\/span><i class=\"crycon-right-dir\"><\/i><\/a> <\/p>\n","protected":false},"author":1,"featured_media":0,"comment_status":"closed","ping_status":"open","sticky":false,"template":"","format":"standard","meta":{"footnotes":""},"categories":[10,3],"tags":[14],"class_list":["post-98","post","type-post","status-publish","format-standard","hentry","category-pressemitteilungen","category-veranstaltungen","tag-jahreshauptversammlung"],"_links":{"self":[{"href":"http:\/\/www.elverdissen.de\/fbv\/index.php\/wp-json\/wp\/v2\/posts\/98","targetHints":{"allow":["GET"]}}],"collection":[{"href":"http:\/\/www.elverdissen.de\/fbv\/index.php\/wp-json\/wp\/v2\/posts"}],"about":[{"href":"http:\/\/www.elverdissen.de\/fbv\/index.php\/wp-json\/wp\/v2\/types\/post"}],"author":[{"embeddable":true,"href":"http:\/\/www.elverdissen.de\/fbv\/index.php\/wp-json\/wp\/v2\/users\/1"}],"replies":[{"embeddable":true,"href":"http:\/\/www.elverdissen.de\/fbv\/index.php\/wp-json\/wp\/v2\/comments?post=98"}],"version-history":[{"count":3,"href":"http:\/\/www.elverdissen.de\/fbv\/index.php\/wp-json\/wp\/v2\/posts\/98\/revisions"}],"predecessor-version":[{"id":103,"href":"http:\/\/www.elverdissen.de\/fbv\/index.php\/wp-json\/wp\/v2\/posts\/98\/revisions\/103"}],"wp:attachment":[{"href":"http:\/\/www.elverdissen.de\/fbv\/index.php\/wp-json\/wp\/v2\/media?parent=98"}],"wp:term":[{"taxonomy":"category","embeddable":true,"href":"http:\/\/www.elverdissen.de\/fbv\/index.php\/wp-json\/wp\/v2\/categories?post=98"},{"taxonomy":"post_tag","embeddable":true,"href":"http:\/\/www.elverdissen.de\/fbv\/index.php\/wp-json\/wp\/v2\/tags?post=98"}],"curies":[{"name":"wp","href":"https:\/\/api.w.org\/{rel}","templated":true}]}}